{"id":1241,"date":"2023-03-21T19:00:17","date_gmt":"2023-03-21T19:00:17","guid":{"rendered":"https:\/\/www.stegelokalforum.dk\/?p=1241"},"modified":"2023-03-21T19:00:17","modified_gmt":"2023-03-21T19:00:17","slug":"beretning-fra-formanden-08-03-2023","status":"publish","type":"post","link":"https:\/\/www.stegelokalforum.dk\/index.php\/2023\/03\/21\/beretning-fra-formanden-08-03-2023\/","title":{"rendered":"Beretning fra formanden 08.03.2023"},"content":{"rendered":"<p class=\"x_x_MsoNormal\" style=\"text-align: left;\">I 2022 tog Stege Lokalforum initiativ til et frugtbart netv\u00e6rk med kommunens \u00f8vrige lokalfora. Vi bes\u00f8ger hinanden, og l\u00e6rer de forskellige omr\u00e5der at kende.<u><\/u><u><\/u><\/p>\n<p class=\"x_x_MsoNormal\" style=\"text-align: left;\">Sammen skabte vi den flotteste stand p\u00e5 Folkem\u00f8de M\u00f8n, og fik mange, &#8211; b\u00e5de unge og voksne i tale.<u><\/u><u><\/u><\/p>\n<p class=\"x_x_MsoNormal\" style=\"text-align: left;\"><u><\/u>\u00a0<u><\/u><\/p>\n<p class=\"x_x_MsoNormal\" style=\"text-align: left;\">I M\u00f8n Musikhus har vi deltaget i bestyrelsen gennem det f\u00f8rste \u00e5r, hvor M\u00f8n Musikhus var arrang\u00f8r af 3 supergode arrangementer. Musikhuset forts\u00e6tter nu uden support fra Stege Lokalforum. Det bliver rigtig godt!, &#8211; Og det kommer I til at h\u00f8re mere om her i aften.<u><\/u><u><\/u><\/p>\n<p class=\"x_x_MsoNormal\" style=\"text-align: left;\">I skal ogs\u00e5 h\u00f8re om Ungdomshuset M\u00f8n, som var \u201ddet f\u00f8rste skib\u201d vi s\u00f8satte, tilbage i 2020.<u><\/u><u><\/u><\/p>\n<p class=\"x_x_MsoNormal\" style=\"text-align: left;\">Stege Lokalforum er repr\u00e6senteret i arbejdsgruppen \u201dFlereCykelstier.Nu\u201d, og vi konstaterer med stor tilfredshed at arbejdet og det lange, seje tr\u00e6k, nu endelig begynder at b\u00e6re frugt! Vi ser med forventning frem til at kunne cykle sikkert sammen med Jer ad nye stier fra Stege til Langeb\u00e6k i 2024!<u><\/u><u><\/u><\/p>\n<p class=\"x_x_MsoNormal\" style=\"text-align: left;\"><u><\/u>\u00a0<u><\/u><\/p>\n<p class=\"x_x_MsoNormal\" style=\"text-align: left;\">Vi har faciliteret 2 borgerm\u00f8der: Eet \u00a0om politi &amp; SSP-samarbejde; Eet om muligheden for at v\u00e6re \u201dTrivsels-ambasad\u00f8r\u201d.<u><\/u><u><\/u><\/p>\n<p class=\"x_x_MsoNormal\" style=\"text-align: left;\"><u><\/u>\u00a0<u><\/u><\/p>\n<p class=\"x_x_MsoNormal\" style=\"text-align: left;\">Arbejdet med at nudge til affaldsindsamling og sortering, er en permanent opgave og udfordring, som vi tager op i samarbejde med Biosf\u00e6re M\u00f8n, hvor vi har en ambassad\u00f8r, der arbejder med \u201dSporl\u00f8s F\u00e6rd\u201d.<u><\/u><u><\/u><\/p>\n<p class=\"x_x_MsoNormal\" style=\"text-align: left;\">Et initiativ som Stege Lokalforum \u00f8nsker at facilitere, er en f\u00e6lles reng\u00f8ringsdag i og omkring havnen i samarbejde med alle havnens foreninger, og i forbindelse med Havnens Dag i juni.<u><\/u><u><\/u><\/p>\n<p class=\"x_x_MsoNormal\" style=\"text-align: left;\"><u><\/u>\u00a0<u><\/u><\/p>\n<p class=\"x_x_MsoNormal\" style=\"text-align: left;\">Tiden er kommet til at Stege skal have sin egen Verdensm\u00e5lsplads! Den f\u00f8rste blev placeret ved Fanefjordskolen.<u><\/u><u><\/u><\/p>\n<p class=\"x_x_MsoNormal\" style=\"text-align: left;\">I samarbejde med Kevin Bendix, som har overtaget Havnegrillen, er vi ved at planl\u00e6gge en Verdensm\u00e5ls-cirkel, som skal st\u00e5 p\u00e5 pl\u00e6nen v\/cafeen.<u><\/u><u><\/u><\/p>\n<p class=\"x_x_MsoNormal\" style=\"text-align: left;\"><u><\/u>\u00a0<u><\/u><\/p>\n<p class=\"x_x_MsoNormal\" style=\"text-align: left;\"><u>I 2023 planl\u00e6gger vi desuden at arbejde med:<\/u><\/p>\n<p class=\"x_x_MsoNormal\" style=\"text-align: left;\">Stege-junior-rangers, &#8211; i samarbejde med relevante akt\u00f8rer;<u><\/u><u><\/u><\/p>\n<p class=\"x_x_MsoNormal\" style=\"text-align: left;\">En disc-golf-bane i Stege Skov;<u><\/u><u><\/u><\/p>\n<p class=\"x_x_MsoNormal\" style=\"text-align: left;\">En udend\u00f8rs foreningsfestival;<u><\/u><u><\/u><\/p>\n<p class=\"x_x_MsoNormal\" style=\"text-align: left;\">Og en vild plan om en kunstsk\u00f8jtebane p\u00e5 Stege Torv hen mod juletid og i samarbejde med M\u00f8n Handel.<u><\/u><u><\/u><\/p>\n<p class=\"x_x_MsoNormal\" style=\"text-align: left;\">Vi er klar til igen at st\u00e5 p\u00e5 Folkem\u00f8de M\u00f8n i august, sammen med vores kolleger i kommunens Lokalfora.<u><\/u><u><\/u><\/p>\n<p class=\"x_x_MsoNormal\" style=\"text-align: left;\">Og endelig vil vi naturligvis stadig facilitere borgerm\u00f8der om relevante emner og med deltagelse af medlemmer fra Kommunalbestyrelsen.<u><\/u><u><\/u><\/p>\n<p class=\"x_x_MsoNormal\" style=\"text-align: left;\"><u><\/u>\u00a0<u><\/u><\/p>\n<p class=\"x_x_MsoNormal\" style=\"text-align: left;\">Husk at vi har en hjemmeside, der fort\u00e6ller om os i Stege Lokalforum:\u00a0<a href=\"http:\/\/www.stegelokalforum.dk\/\" target=\"_blank\" rel=\"noopener noreferrer\" data-auth=\"NotApplicable\" data-linkindex=\"1\">www.stegelokalforum.dk<\/a>\u00a0 Og vi er p\u00e5 facebook, hvor man som borger til enhver tid er velkommen: den hedder: \u201dStege Lokalforum\u201d.<u><\/u><u><\/u><\/p>\n<p class=\"x_x_MsoNormal\" style=\"text-align: left;\"><u><\/u>\u00a0<u><\/u><\/p>\n<p class=\"x_x_MsoNormal\" style=\"text-align: left;\">Og med disse ord s\u00e6tter jeg beretningen til debat.<u><\/u><u><\/u><\/p>\n<p class=\"x_x_MsoNormal\" style=\"text-align: left;\">Lis Due Rasmussen<u><\/u><u><\/u><\/p>\n<p class=\"x_x_MsoNormal\" style=\"text-align: left;\">Formand<\/p>\n<div class=\"pvc_clear\"><\/div>\n<p id=\"pvc_stats_1241\" class=\"pvc_stats all  \" data-element-id=\"1241\" style=\"\"><i class=\"pvc-stats-icon medium\" aria-hidden=\"true\"><svg aria-hidden=\"true\" focusable=\"false\" data-prefix=\"far\" data-icon=\"chart-bar\" role=\"img\" xmlns=\"http:\/\/www.w3.org\/2000\/svg\" viewBox=\"0 0 512 512\" class=\"svg-inline--fa fa-chart-bar fa-w-16 fa-2x\"><path fill=\"currentColor\" d=\"M396.8 352h22.4c6.4 0 12.8-6.4 12.8-12.8V108.8c0-6.4-6.4-12.8-12.8-12.8h-22.4c-6.4 0-12.8 6.4-12.8 12.8v230.4c0 6.4 6.4 12.8 12.8 12.8zm-192 0h22.4c6.4 0 12.8-6.4 12.8-12.8V140.8c0-6.4-6.4-12.8-12.8-12.8h-22.4c-6.4 0-12.8 6.4-12.8 12.8v198.4c0 6.4 6.4 12.8 12.8 12.8zm96 0h22.4c6.4 0 12.8-6.4 12.8-12.8V204.8c0-6.4-6.4-12.8-12.8-12.8h-22.4c-6.4 0-12.8 6.4-12.8 12.8v134.4c0 6.4 6.4 12.8 12.8 12.8zM496 400H48V80c0-8.84-7.16-16-16-16H16C7.16 64 0 71.16 0 80v336c0 17.67 14.33 32 32 32h464c8.84 0 16-7.16 16-16v-16c0-8.84-7.16-16-16-16zm-387.2-48h22.4c6.4 0 12.8-6.4 12.8-12.8v-70.4c0-6.4-6.4-12.8-12.8-12.8h-22.4c-6.4 0-12.8 6.4-12.8 12.8v70.4c0 6.4 6.4 12.8 12.8 12.8z\" class=\"\"><\/path><\/svg><\/i> <img loading=\"lazy\" decoding=\"async\" width=\"16\" height=\"16\" alt=\"Loading\" src=\"https:\/\/www.stegelokalforum.dk\/wp-content\/plugins\/page-views-count\/ajax-loader-2x.gif\" border=0 \/><\/p>\n<div class=\"pvc_clear\"><\/div>\n<p>Hits: 75<\/p>","protected":false},"excerpt":{"rendered":"<p>I 2022 tog Stege Lokalforum initiativ til et frugtbart netv\u00e6rk med kommunens \u00f8vrige lokalfora. Vi bes\u00f8ger hinanden, og l\u00e6rer de forskellige omr\u00e5der at kende. Sammen skabte vi den flotteste stand p\u00e5 Folkem\u00f8de M\u00f8n, og fik mange, &#8211; b\u00e5de unge og voksne i tale. \u00a0 I M\u00f8n Musikhus har vi deltaget i bestyrelsen gennem det f\u00f8rste&hellip; <br \/> <a class=\"button small blue\" href=\"https:\/\/www.stegelokalforum.dk\/index.php\/2023\/03\/21\/beretning-fra-formanden-08-03-2023\/\">L\u00e6s mere<\/a><\/p>\n<div class=\"pvc_clear\"><\/div>\n<p id=\"pvc_stats_1241\" class=\"pvc_stats all  \" data-element-id=\"1241\" style=\"\"><i class=\"pvc-stats-icon medium\" aria-hidden=\"true\"><svg aria-hidden=\"true\" focusable=\"false\" data-prefix=\"far\" data-icon=\"chart-bar\" role=\"img\" xmlns=\"http:\/\/www.w3.org\/2000\/svg\" viewBox=\"0 0 512 512\" class=\"svg-inline--fa fa-chart-bar fa-w-16 fa-2x\"><path fill=\"currentColor\" d=\"M396.8 352h22.4c6.4 0 12.8-6.4 12.8-12.8V108.8c0-6.4-6.4-12.8-12.8-12.8h-22.4c-6.4 0-12.8 6.4-12.8 12.8v230.4c0 6.4 6.4 12.8 12.8 12.8zm-192 0h22.4c6.4 0 12.8-6.4 12.8-12.8V140.8c0-6.4-6.4-12.8-12.8-12.8h-22.4c-6.4 0-12.8 6.4-12.8 12.8v198.4c0 6.4 6.4 12.8 12.8 12.8zm96 0h22.4c6.4 0 12.8-6.4 12.8-12.8V204.8c0-6.4-6.4-12.8-12.8-12.8h-22.4c-6.4 0-12.8 6.4-12.8 12.8v134.4c0 6.4 6.4 12.8 12.8 12.8zM496 400H48V80c0-8.84-7.16-16-16-16H16C7.16 64 0 71.16 0 80v336c0 17.67 14.33 32 32 32h464c8.84 0 16-7.16 16-16v-16c0-8.84-7.16-16-16-16zm-387.2-48h22.4c6.4 0 12.8-6.4 12.8-12.8v-70.4c0-6.4-6.4-12.8-12.8-12.8h-22.4c-6.4 0-12.8 6.4-12.8 12.8v70.4c0 6.4 6.4 12.8 12.8 12.8z\" class=\"\"><\/path><\/svg><\/i> <img loading=\"lazy\" decoding=\"async\" width=\"16\" height=\"16\" alt=\"Loading\" src=\"https:\/\/www.stegelokalforum.dk\/wp-content\/plugins\/page-views-count\/ajax-loader-2x.gif\" border=0 \/><\/p>\n<div class=\"pvc_clear\"><\/div>\n","protected":false},"author":1,"featured_media":0,"comment_status":"open","ping_status":"open","sticky":false,"template":"","format":"standard","meta":{"footnotes":""},"categories":[1],"tags":[],"_links":{"self":[{"href":"https:\/\/www.stegelokalforum.dk\/index.php\/wp-json\/wp\/v2\/posts\/1241"}],"collection":[{"href":"https:\/\/www.stegelokalforum.dk\/index.php\/wp-json\/wp\/v2\/posts"}],"about":[{"href":"https:\/\/www.stegelokalforum.dk\/index.php\/wp-json\/wp\/v2\/types\/post"}],"author":[{"embeddable":true,"href":"https:\/\/www.stegelokalforum.dk\/index.php\/wp-json\/wp\/v2\/users\/1"}],"replies":[{"embeddable":true,"href":"https:\/\/www.stegelokalforum.dk\/index.php\/wp-json\/wp\/v2\/comments?post=1241"}],"version-history":[{"count":1,"href":"https:\/\/www.stegelokalforum.dk\/index.php\/wp-json\/wp\/v2\/posts\/1241\/revisions"}],"predecessor-version":[{"id":1243,"href":"https:\/\/www.stegelokalforum.dk\/index.php\/wp-json\/wp\/v2\/posts\/1241\/revisions\/1243"}],"wp:attachment":[{"href":"https:\/\/www.stegelokalforum.dk\/index.php\/wp-json\/wp\/v2\/media?parent=1241"}],"wp:term":[{"taxonomy":"category","embeddable":true,"href":"https:\/\/www.stegelokalforum.dk\/index.php\/wp-json\/wp\/v2\/categories?post=1241"},{"taxonomy":"post_tag","embeddable":true,"href":"https:\/\/www.stegelokalforum.dk\/index.php\/wp-json\/wp\/v2\/tags?post=1241"}],"curies":[{"name":"wp","href":"https:\/\/api.w.org\/{rel}","templated":true}]}}